{"id":3198,"date":"2019-05-02T09:26:45","date_gmt":"2019-05-02T07:26:45","guid":{"rendered":"https:\/\/alzheimer.noemi.lu\/?p=3198"},"modified":"2019-05-02T09:26:45","modified_gmt":"2019-05-02T07:26:45","slug":"interview-with-an-epad-research-participant","status":"publish","type":"post","link":"https:\/\/ep-ad.org\/index.php\/2019\/05\/02\/interview-with-an-epad-research-participant\/","title":{"rendered":"Interview with an EPAD research participant"},"content":{"rendered":"\n<p>On 4 April, the CHU de Toulouse (CHUT) hosted the first meeting of the\nResearch Participant Panel of the European Prevention of Alzheimer\u2019s Dementia\nConsortium (EPAD) in France. We caught up with a French Research participant to\nknow what it is like to take part in a research study and find out about his\nexperiences.<\/p>\n\n\n\n<p><strong>What motivates you to be a research participant in a\nresearch project like EPAD? <\/strong>What\nmotivated me first was my personal anxiety about my memory loss. I thought that\nit would be very interesting to participate in this project. On the other hand,\nwe need motivated people willing to take part in research and keep things\nmoving.<\/p>\n\n\n\n<p><strong>You have joined the EPAD project for a year now. Could you please tell\nus about your experience? <\/strong>First of all I was\nvery surprised by some study assessments such as saliva tests. Apart from that,\nI find the experiment very interesting. On the health front, the participation consists\nof regular assessments including MRI, cognitive and biological tests. This\nexperience offers me reassurance.<strong><\/strong><\/p>\n\n\n\n<p><strong>What is it like to have a lumbar puncture<\/strong><strong>?<\/strong> Although,\nI was very scared for my first lumbar puncture, I really wanted to do it to be\nreassured and to know if I have biomarkers of Alzheimer&#8217;s disease. The second\ntime I took a drug and everything went very well, without pain and concerns.<\/p>\n\n\n\n<p><strong>You are now a member of the EPAD Participant Panel in Toulouse,\nof which the first meeting has just held. What are your expectations and the\ntopics you would like to raise with the participant group? <\/strong>I do not have any particular expectations. I would\nlike, through these meetings, be able to know more about the conducted research.\nI find interesting that we can stay informed about the study and its results. I\nwould also like to take advantage of these meetings to share my experience\nwithin EPAD and in the service.<strong><\/strong><\/p>\n\n\n\n<p><strong>What message would you like to send to the researchers\nand partners of the project?<\/strong> The\nresearch team is really nice. It is really important to see this collective\ncommitment. They know how to put us in confidence and to set us at our ease.\nThis is really appreciate and key for all the exams. For that, I would like to express\nmy gratitude to them. I feel anxious very quickly and the involvement and professionalism\nof the team is thus really appreciable.<strong><\/strong><\/p>\n\n\n\n<div style=\"height:100px\" aria-hidden=\"true\" class=\"wp-block-spacer\"><\/div>\n\n\n\n<hr class=\"wp-block-separator\" \/>\n\n\n\n<div style=\"height:100px\" aria-hidden=\"true\" class=\"wp-block-spacer\"><\/div>\n\n\n\n<p style=\"color:#16aa9d\" class=\"has-text-color has-medium-font-size\">French:<\/p>\n\n\n\n<p>Le 4 avril, le CHU de Toulouse (CHUT) a accueilli la premi\u00e8re r\u00e9union du panel de participants \u00e0 la recherche du projet EPAD en France. Nous avons discut\u00e9 avec un participant \u00e0 la recherche pour savoir ce que cela repr\u00e9sente de participer \u00e0 une \u00e9tude de recherche et d\u00e9couvrir ses exp\u00e9riences. <\/p>\n\n\n\n<p><strong>Quelles ont \u00e9t\u00e9 les motivations qui\nvous ont amen\u00e9 \u00e0 participer au projet EPAD? <\/strong>Ce qui m&#8217;a motiv\u00e9 en premier c&#8217;est\nmon angoisse personnelle concernant mes pertes de m\u00e9moire et je me suis dit\nqu&#8217;il \u00e9tait tr\u00e8s int\u00e9ressant pour moi de participer \u00e0 ce projet. D&#8217;autre part,\nil faut des personnes volontaires et motiv\u00e9es pour participer \u00e0 la recherche et\nfaire avancer les choses. <\/p>\n\n\n\n<p><strong>Vous \u00eates dans le protocole EPAD depuis 1 an maintenant, pouvez-vous nous parler un peu de votre exp\u00e9rience? <\/strong>Tout d&#8217;abord j&#8217;ai \u00e9t\u00e9 tr\u00e8s surprise par certains tests, comme les pr\u00e9l\u00e8vements de salive par exemple ! A part cela, je trouve l&#8217;exp\u00e9rience int\u00e9ressante, sur le plan m\u00e9dical \u00e9tant donn\u00e9 qu&#8217;on b\u00e9n\u00e9ficie d&#8217;un IRM et de tests cognitifs et biologique chaque ann\u00e9e. Cette exp\u00e9rience m&#8217;a rassur\u00e9e.  <\/p>\n\n\n\n<p><strong>Vous avez eu des ponctions lombaires,\npouvez-vous nous dire quel effet cela fait? <\/strong>J&#8217;avais tr\u00e8s peur, mais j&#8217;ai voulu\nabsolument faire cette ponction lombaire pour \u00eatre rassur\u00e9e et pouvoir savoir\nsi j&#8217;avais des biomarqueurs de la maladie d&#8217;Alzheimer. La premi\u00e8re fois, j&#8217;ai\neu vraiment tr\u00e8s peur, la seconde fois j&#8217;ai pris un d\u00e9contractant et tout s&#8217;est\ntr\u00e8s bien pass\u00e9, sans douleur ! <\/p>\n\n\n\n<p><strong>Vous fa\u00eetes partie du participant panel, dont la premi\u00e8re r\u00e9union s&#8217;est tenue aujourd&#8217;hui, quelles sont vos attentes et les th\u00e8mes que vous souhaiteriez aborder? <\/strong>Je n&#8217;ai pas d&#8217;attentes particuli\u00e8res. J&#8217;aimerai, \u00e0 travers ces r\u00e9unions, pouvoir connaitre un peu l&#8217;\u00e9volution de la recherche. Je trouve int\u00e9ressant qu&#8217;on puisse nous donner l&#8217;\u00e9volution de l&#8217;\u00e9tude et ses r\u00e9sultats. J&#8217;aimerai aussi profiter de ces r\u00e9unions pour pouvoir faire un retour sur mon exp\u00e9rience dans EPAD et dans le service. <\/p>\n\n\n\n<p><strong>Quel message souhaiteriez-vous faire passer aux \u00e9quipes de recherche et aux partenaires du projet? <\/strong>L&#8217;\u00e9quipe de recherche est vraiment sympathique et c&#8217;est tr\u00e8s important car cela aide beaucoup ! Ils nous mettent en confiance ce qui est c&#8217;est essentiel pour tous les examens. Ils savent nous mettre \u00e0 l&#8217;aise et rien que pour cela je voudrais les remercier. Je suis quelqu&#8217;un qui s&#8217;angoisse tr\u00e8s vite et pour moi tout cela est appreciable.<\/p>\n","protected":false},"excerpt":{"rendered":"<p>On 4 April, the CHU de Toulouse (CHUT) hosted the first meeting of the Research Participant Panel of the European Prevention of Alzheimer\u2019s Dementia Consortium (EPAD) in France. We caught up with a French Research participant to know what it is like to take part in a research study and find out about his experiences. [&hellip;]<\/p>\n","protected":false},"author":1,"featured_media":3200,"comment_status":"closed","ping_status":"open","sticky":false,"template":"","format":"standard","meta":{"footnotes":""},"categories":[7],"tags":[],"class_list":["post-3198","post","type-post","status-publish","format-standard","has-post-thumbnail","hentry","category-news"],"_links":{"self":[{"href":"https:\/\/ep-ad.org\/index.php\/wp-json\/wp\/v2\/posts\/3198","targetHints":{"allow":["GET"]}}],"collection":[{"href":"https:\/\/ep-ad.org\/index.php\/wp-json\/wp\/v2\/posts"}],"about":[{"href":"https:\/\/ep-ad.org\/index.php\/wp-json\/wp\/v2\/types\/post"}],"author":[{"embeddable":true,"href":"https:\/\/ep-ad.org\/index.php\/wp-json\/wp\/v2\/users\/1"}],"replies":[{"embeddable":true,"href":"https:\/\/ep-ad.org\/index.php\/wp-json\/wp\/v2\/comments?post=3198"}],"version-history":[{"count":0,"href":"https:\/\/ep-ad.org\/index.php\/wp-json\/wp\/v2\/posts\/3198\/revisions"}],"wp:featuredmedia":[{"embeddable":true,"href":"https:\/\/ep-ad.org\/index.php\/wp-json\/wp\/v2\/media\/3200"}],"wp:attachment":[{"href":"https:\/\/ep-ad.org\/index.php\/wp-json\/wp\/v2\/media?parent=3198"}],"wp:term":[{"taxonomy":"category","embeddable":true,"href":"https:\/\/ep-ad.org\/index.php\/wp-json\/wp\/v2\/categories?post=3198"},{"taxonomy":"post_tag","embeddable":true,"href":"https:\/\/ep-ad.org\/index.php\/wp-json\/wp\/v2\/tags?post=3198"}],"curies":[{"name":"wp","href":"https:\/\/api.w.org\/{rel}","templated":true}]}}